{"id":113746,"date":"2026-04-30T13:34:42","date_gmt":"2026-04-30T11:34:42","guid":{"rendered":"https:\/\/galeriasenda.com\/robert-mapplethorpe-y-patti-smith-construirse-juntos\/"},"modified":"2026-04-30T13:47:17","modified_gmt":"2026-04-30T11:47:17","slug":"robert-mapplethorpe-y-patti-smith-construirse-juntos","status":"publish","type":"post","link":"https:\/\/galeriasenda.com\/ca\/robert-mapplethorpe-y-patti-smith-construirse-juntos\/","title":{"rendered":"ROBERT MAPPLETHORPE i PATTI SMITH: Construir-se junts"},"content":{"rendered":"\n<p><\/p>\n\n\n\n<p>La recent concessi\u00f3 del <strong>Premi Princesa d\u2019Ast\u00faries de les Arts 2026<\/strong> a Patti Smith \u2014un dels reconeixements culturals m\u00e9s prestigiosos de l\u2019\u00e0mbit iberoameric\u00e0\u2014 ofereix una ocasi\u00f3 per celebrar no nom\u00e9s la seva extraordin\u00e0ria contribuci\u00f3 a la m\u00fasica i la literatura contempor\u00e0nies, sin\u00f3 tamb\u00e9 per revisitar una de les relacions m\u00e9s decisives de la hist\u00f2ria cultural del segle XX: el seu vincle amb Robert Mapplethorpe.<\/p>\n\n\n\n<p>La seva relaci\u00f3, immortalitzada per Smith a <em>Just Kids<\/em> (<em>\u00c9ramos unos ni\u00f1os<\/em>), excedeix qualsevol classificaci\u00f3 convencional. M\u00e9s que companys, amants o col\u00b7laboradors, Patti Smith i Robert Mapplethorpe van constituir l\u2019un per a l\u2019altre un espai de formaci\u00f3 m\u00fatua, un nucli afectiu i creatiu des del qual tots dos comen\u00e7arien a definir-se com a artistes.<\/p>\n\n\n\n<div style=\"height:20px\" aria-hidden=\"true\" class=\"wp-block-spacer\"><\/div>\n\n\n\n<figure class=\"wp-block-image size-large\"><img loading=\"lazy\" decoding=\"async\" width=\"1024\" height=\"576\" src=\"https:\/\/galeriasenda.com\/wp-content\/uploads\/2026\/04\/patti-smith-robert-mapplethorpe-historia-de-amor-noviazgo-pareja-novios-como-fue-murio-fallecio-fotografo-sadomasoquista-1024x576.jpg\" alt=\"\" class=\"wp-image-113739\" srcset=\"https:\/\/galeriasenda.com\/wp-content\/uploads\/2026\/04\/patti-smith-robert-mapplethorpe-historia-de-amor-noviazgo-pareja-novios-como-fue-murio-fallecio-fotografo-sadomasoquista-1024x576.jpg 1024w, https:\/\/galeriasenda.com\/wp-content\/uploads\/2026\/04\/patti-smith-robert-mapplethorpe-historia-de-amor-noviazgo-pareja-novios-como-fue-murio-fallecio-fotografo-sadomasoquista-300x169.jpg 300w, https:\/\/galeriasenda.com\/wp-content\/uploads\/2026\/04\/patti-smith-robert-mapplethorpe-historia-de-amor-noviazgo-pareja-novios-como-fue-murio-fallecio-fotografo-sadomasoquista-768x432.jpg 768w, https:\/\/galeriasenda.com\/wp-content\/uploads\/2026\/04\/patti-smith-robert-mapplethorpe-historia-de-amor-noviazgo-pareja-novios-como-fue-murio-fallecio-fotografo-sadomasoquista-600x338.jpg 600w, https:\/\/galeriasenda.com\/wp-content\/uploads\/2026\/04\/patti-smith-robert-mapplethorpe-historia-de-amor-noviazgo-pareja-novios-como-fue-murio-fallecio-fotografo-sadomasoquista.jpg 1200w\" sizes=\"auto, (max-width: 1024px) 100vw, 1024px\" \/><figcaption class=\"wp-element-caption\">Robert Mapplethorpe i Patti Smith. <strong>Getty images<\/strong>.<\/figcaption><\/figure>\n\n\n\n<div style=\"height:20px\" aria-hidden=\"true\" class=\"wp-block-spacer\"><\/div>\n\n\n\n<p>La seva trobada al Nova York de finals dels anys seixanta marcaria l\u2019inici d\u2019una alian\u00e7a singular: una relaci\u00f3 constru\u00efda sobre l\u2019admiraci\u00f3 rec\u00edproca, la precarietat compartida i una fe inq\u00fcestionable en el potencial art\u00edstic de l\u2019altre. Abans que el m\u00f3n reconegu\u00e9s els seus noms, van ser ells mateixos els primers a legitimar-se m\u00fatuament com a creadors.<\/p>\n\n\n\n<p>En aquest context, Patti Smith va ocupar un lloc central en el primer desenvolupament visual de Mapplethorpe. Va ser un dels seus primers i m\u00e9s recurrents subjectes fotogr\u00e0fics, aix\u00ed com una pres\u00e8ncia fonamental en el proc\u00e9s mitjan\u00e7ant el qual l\u2019artista va comen\u00e7ar a definir una gram\u00e0tica visual pr\u00f2pia. A trav\u00e9s dels seus retrats, Mapplethorpe va comen\u00e7ar a formular una pr\u00e0ctica fotogr\u00e0fica basada no en la captura espont\u00e0nia, sin\u00f3 en la construcci\u00f3 rigorosa de la imatge: una posada en escena on forma, s\u00edmbol i pres\u00e8ncia s\u2019articulen amb una precisi\u00f3 gaireb\u00e9 escult\u00f2rica.<\/p>\n\n\n\n<figure class=\"wp-block-image size-large\"><img loading=\"lazy\" decoding=\"async\" width=\"1024\" height=\"576\" src=\"https:\/\/galeriasenda.com\/wp-content\/uploads\/2026\/04\/la-habitacion-de-patti-smith-en-el-chelsea-16-9-aspect-ratio-default-0_da39-1024x576.webp\" alt=\"\" class=\"wp-image-113742\" srcset=\"https:\/\/galeriasenda.com\/wp-content\/uploads\/2026\/04\/la-habitacion-de-patti-smith-en-el-chelsea-16-9-aspect-ratio-default-0_da39-1024x576.webp 1024w, https:\/\/galeriasenda.com\/wp-content\/uploads\/2026\/04\/la-habitacion-de-patti-smith-en-el-chelsea-16-9-aspect-ratio-default-0_da39-300x169.webp 300w, https:\/\/galeriasenda.com\/wp-content\/uploads\/2026\/04\/la-habitacion-de-patti-smith-en-el-chelsea-16-9-aspect-ratio-default-0_da39-768x432.webp 768w, https:\/\/galeriasenda.com\/wp-content\/uploads\/2026\/04\/la-habitacion-de-patti-smith-en-el-chelsea-16-9-aspect-ratio-default-0_da39-1536x864.webp 1536w, https:\/\/galeriasenda.com\/wp-content\/uploads\/2026\/04\/la-habitacion-de-patti-smith-en-el-chelsea-16-9-aspect-ratio-default-0_da39-600x338.webp 600w, https:\/\/galeriasenda.com\/wp-content\/uploads\/2026\/04\/la-habitacion-de-patti-smith-en-el-chelsea-16-9-aspect-ratio-default-0_da39.webp 1920w\" sizes=\"auto, (max-width: 1024px) 100vw, 1024px\" \/><figcaption class=\"wp-element-caption\">L\u2019habitaci\u00f3 de Patti Smith al Chelsea. Albert Scopin.<\/figcaption><\/figure>\n\n\n\n<div style=\"height:30px\" aria-hidden=\"true\" class=\"wp-block-spacer\"><\/div>\n\n\n\n<p>Un dels episodis m\u00e9s significatius d\u2019aquesta col\u00b7laboraci\u00f3 primerenca va tenir lloc durant una de les seves darreres sessions fotogr\u00e0fiques junts, quan Mapplethorpe va lliurar a Smith una papallona morpho blava per integrar-la en el retrat. Smith recordaria aquell gest com la introducci\u00f3 d\u2019un \u201cs\u00edmbol d\u2019immortalitat\u201d, una imatge que condensa de manera eloq\u00fcent l\u2019univers visual de Mapplethorpe: un llenguatge on el retrat esdev\u00e9 icona i el cos una superf\u00edcie de projecci\u00f3 simb\u00f2lica.<\/p>\n\n\n\n<div style=\"height:30px\" aria-hidden=\"true\" class=\"wp-block-spacer\"><\/div>\n\n\n\n<figure class=\"wp-block-image size-full is-resized\"><img loading=\"lazy\" decoding=\"async\" width=\"478\" height=\"480\" src=\"https:\/\/galeriasenda.com\/wp-content\/uploads\/2026\/04\/MAP_db_42.jpg\" alt=\"\" class=\"wp-image-113727\" style=\"width:840px;height:auto\" srcset=\"https:\/\/galeriasenda.com\/wp-content\/uploads\/2026\/04\/MAP_db_42.jpg 478w, https:\/\/galeriasenda.com\/wp-content\/uploads\/2026\/04\/MAP_db_42-300x301.jpg 300w, https:\/\/galeriasenda.com\/wp-content\/uploads\/2026\/04\/MAP_db_42-150x150.jpg 150w, https:\/\/galeriasenda.com\/wp-content\/uploads\/2026\/04\/MAP_db_42-100x100.jpg 100w\" sizes=\"auto, (max-width: 478px) 100vw, 478px\" \/><figcaption class=\"wp-element-caption\"><em>Patti Smith <\/em>(1987), Robert Mapplethorpe, impressi\u00f3 en gelatina de plata, 51 \u00d7 61 cm | 20 \u00d7 24 in.<br><\/figcaption><\/figure>\n\n\n\n<p>Per\u00f2 Patti Smith no va ser simplement musa o model. La seva relaci\u00f3 amb Mapplethorpe es va configurar com una col\u00b7laboraci\u00f3 entre iguals: un proc\u00e9s d\u2019invenci\u00f3 m\u00fatua en qu\u00e8 tots dos es van acompanyar en la construcci\u00f3 de les seves respectives identitats art\u00edstiques. El que van compartir no va ser \u00fanicament intimitat o inspiraci\u00f3, sin\u00f3 una forma de reconeixement radical que els va permetre afirmar-se com a artistes abans de qualsevol validaci\u00f3 institucional.<\/p>\n\n\n\n<p>L\u2019obra de Robert Mapplethorpe va transformar profundament la hist\u00f2ria de la fotografia contempor\u00e0nia. Mitjan\u00e7ant una est\u00e8tica d\u2019extrema precisi\u00f3 formal, va reconfigurar el retrat com un espai de tensi\u00f3 entre bellesa, erotisme, teatralitat i control. La seva aproximaci\u00f3 al cos \u2014tractat amb la mateixa rigorositat compositiva que una escultura cl\u00e0ssica\u2014 va redefinir els l\u00edmits de la representaci\u00f3 fotogr\u00e0fica i va consolidar una de les pr\u00e0ctiques visuals m\u00e9s influents de la segona meitat del segle XX.<\/p>\n\n\n\n<p>Celebrar avui Patti Smith implica, inevitablement, tornar la mirada cap a aquesta alian\u00e7a fundacional: una relaci\u00f3 que no nom\u00e9s va marcar dues traject\u00f2ries individuals excepcionals, sin\u00f3 que va donar forma a un dels vincles creatius m\u00e9s emblem\u00e0tics de la cultura contempor\u00e0nia.<\/p>\n\n\n\n<p><\/p>\n","protected":false},"excerpt":{"rendered":"<p>La recent concessi\u00f3 del Premi Princesa d\u2019Ast\u00faries de les Arts 2026 a Patti Smith \u2014un dels reconeixements culturals m\u00e9s prestigiosos de l\u2019\u00e0mbit iberoameric\u00e0\u2014 ofereix una ocasi\u00f3 per celebrar no nom\u00e9s la seva extraordin\u00e0ria contribuci\u00f3 a la m\u00fasica i la literatura contempor\u00e0nies, sin\u00f3 tamb\u00e9 per revisitar una de les relacions m\u00e9s decisives de la hist\u00f2ria cultural [&hellip;]<\/p>\n","protected":false},"author":142,"featured_media":113737,"comment_status":"open","ping_status":"open","sticky":false,"template":"","format":"standard","meta":{"footnotes":""},"categories":[6,3],"tags":[644],"class_list":["post-113746","post","type-post","status-publish","format-standard","has-post-thumbnail","hentry","category-artista","category-gallery-ca","tag-robert-mapplethorpe-ca"],"acf":[],"yoast_head":"<!-- This site is optimized with the Yoast SEO plugin v18.4.1 - https:\/\/yoast.com\/wordpress\/plugins\/seo\/ -->\n<title>ROBERT MAPPLETHORPE i PATTI SMITH: Construir-se junts &ndash; Galeria Senda<\/title>\n<meta name=\"description\" content=\"La recent concessi\u00f3 del Premi Princesa d\u2019Ast\u00faries de les Arts 2026 a Patti Smith \u2014un dels reconeixements culturals m\u00e9s prestigiosos de l\u2019\u00e0mbit\" \/>\n<meta name=\"robots\" content=\"index, follow, max-snippet:-1, max-image-preview:large, max-video-preview:-1\" \/>\n<link rel=\"canonical\" href=\"https:\/\/galeriasenda.com\/ca\/robert-mapplethorpe-y-patti-smith-construirse-juntos\/\" \/>\n<meta property=\"og:locale\" content=\"ca_ES\" \/>\n<meta property=\"og:type\" content=\"article\" \/>\n<meta property=\"og:title\" content=\"ROBERT MAPPLETHORPE i PATTI SMITH: Construir-se junts &ndash; Galeria Senda\" \/>\n<meta property=\"og:description\" content=\"La recent concessi\u00f3 del Premi Princesa d\u2019Ast\u00faries de les Arts 2026 a Patti Smith \u2014un dels reconeixements culturals m\u00e9s prestigiosos de l\u2019\u00e0mbit\" \/>\n<meta property=\"og:url\" content=\"https:\/\/galeriasenda.com\/ca\/robert-mapplethorpe-y-patti-smith-construirse-juntos\/\" \/>\n<meta property=\"og:site_name\" content=\"Galeria Senda\" \/>\n<meta property=\"article:publisher\" content=\"https:\/\/www.facebook.com\/galeriasenda\" \/>\n<meta property=\"article:published_time\" content=\"2026-04-30T11:34:42+00:00\" \/>\n<meta property=\"article:modified_time\" content=\"2026-04-30T11:47:17+00:00\" \/>\n<meta property=\"og:image\" content=\"https:\/\/galeriasenda.com\/wp-content\/uploads\/2026\/04\/flat750x075f-pad750x1000f8f8f8.jpg\" \/>\n\t<meta property=\"og:image:width\" content=\"750\" \/>\n\t<meta property=\"og:image:height\" content=\"1000\" \/>\n\t<meta property=\"og:image:type\" content=\"image\/jpeg\" \/>\n<meta name=\"twitter:card\" content=\"summary_large_image\" \/>\n<meta name=\"twitter:creator\" content=\"@galeriasenda\" \/>\n<meta name=\"twitter:site\" content=\"@galeriasenda\" \/>\n<meta name=\"twitter:label1\" content=\"Escrit per\" \/>\n\t<meta name=\"twitter:data1\" content=\"SEO Senda\" \/>\n\t<meta name=\"twitter:label2\" content=\"Temps estimat de lectura\" \/>\n\t<meta name=\"twitter:data2\" content=\"3 minuts\" \/>\n<script type=\"application\/ld+json\" class=\"yoast-schema-graph\">{\"@context\":\"https:\/\/schema.org\",\"@graph\":[{\"@type\":\"Organization\",\"@id\":\"https:\/\/galeriasenda.com\/#organization\",\"name\":\"galeria SENDA\",\"url\":\"https:\/\/galeriasenda.com\/\",\"sameAs\":[\"https:\/\/www.facebook.com\/galeriasenda\",\"https:\/\/instagram.com\/galeriasenda\/\",\"https:\/\/es.linkedin.com\/company\/galeria-senda\",\"https:\/\/www.youtube.com\/channel\/UC-qz5xPOEq-QSm1a8kC-QPA\",\"https:\/\/twitter.com\/galeriasenda\"],\"logo\":{\"@type\":\"ImageObject\",\"@id\":\"https:\/\/galeriasenda.com\/#logo\",\"inLanguage\":\"ca\",\"url\":\"https:\/\/galeriasenda.com\/wp-content\/uploads\/2019\/04\/logo-senda-.png\",\"contentUrl\":\"https:\/\/galeriasenda.com\/wp-content\/uploads\/2019\/04\/logo-senda-.png\",\"width\":599,\"height\":314,\"caption\":\"galeria SENDA\"},\"image\":{\"@id\":\"https:\/\/galeriasenda.com\/#logo\"}},{\"@type\":\"WebSite\",\"@id\":\"https:\/\/galeriasenda.com\/#website\",\"url\":\"https:\/\/galeriasenda.com\/\",\"name\":\"Galeria Senda\",\"description\":\"Galeria d'art i productora d'art contemporani de Barcelona\",\"publisher\":{\"@id\":\"https:\/\/galeriasenda.com\/#organization\"},\"potentialAction\":[{\"@type\":\"SearchAction\",\"target\":{\"@type\":\"EntryPoint\",\"urlTemplate\":\"https:\/\/galeriasenda.com\/?s={search_term_string}\"},\"query-input\":\"required name=search_term_string\"}],\"inLanguage\":\"ca\"},{\"@type\":\"ImageObject\",\"@id\":\"https:\/\/galeriasenda.com\/ca\/robert-mapplethorpe-y-patti-smith-construirse-juntos\/#primaryimage\",\"inLanguage\":\"ca\",\"url\":\"https:\/\/galeriasenda.com\/wp-content\/uploads\/2026\/04\/flat750x075f-pad750x1000f8f8f8.jpg\",\"contentUrl\":\"https:\/\/galeriasenda.com\/wp-content\/uploads\/2026\/04\/flat750x075f-pad750x1000f8f8f8.jpg\",\"width\":750,\"height\":1000},{\"@type\":\"WebPage\",\"@id\":\"https:\/\/galeriasenda.com\/ca\/robert-mapplethorpe-y-patti-smith-construirse-juntos\/#webpage\",\"url\":\"https:\/\/galeriasenda.com\/ca\/robert-mapplethorpe-y-patti-smith-construirse-juntos\/\",\"name\":\"ROBERT MAPPLETHORPE i PATTI SMITH: Construir-se junts &ndash; Galeria Senda\",\"isPartOf\":{\"@id\":\"https:\/\/galeriasenda.com\/#website\"},\"primaryImageOfPage\":{\"@id\":\"https:\/\/galeriasenda.com\/ca\/robert-mapplethorpe-y-patti-smith-construirse-juntos\/#primaryimage\"},\"datePublished\":\"2026-04-30T11:34:42+00:00\",\"dateModified\":\"2026-04-30T11:47:17+00:00\",\"description\":\"La recent concessi\u00f3 del Premi Princesa d\u2019Ast\u00faries de les Arts 2026 a Patti Smith \u2014un dels reconeixements culturals m\u00e9s prestigiosos de l\u2019\u00e0mbit\",\"breadcrumb\":{\"@id\":\"https:\/\/galeriasenda.com\/ca\/robert-mapplethorpe-y-patti-smith-construirse-juntos\/#breadcrumb\"},\"inLanguage\":\"ca\",\"potentialAction\":[{\"@type\":\"ReadAction\",\"target\":[\"https:\/\/galeriasenda.com\/ca\/robert-mapplethorpe-y-patti-smith-construirse-juntos\/\"]}]},{\"@type\":\"BreadcrumbList\",\"@id\":\"https:\/\/galeriasenda.com\/ca\/robert-mapplethorpe-y-patti-smith-construirse-juntos\/#breadcrumb\",\"itemListElement\":[{\"@type\":\"ListItem\",\"position\":1,\"name\":\"Portada\",\"item\":\"https:\/\/galeriasenda.com\/ca\/\"},{\"@type\":\"ListItem\",\"position\":2,\"name\":\"ROBERT MAPPLETHORPE i PATTI SMITH: Construir-se junts\"}]},{\"@type\":\"Article\",\"@id\":\"https:\/\/galeriasenda.com\/ca\/robert-mapplethorpe-y-patti-smith-construirse-juntos\/#article\",\"isPartOf\":{\"@id\":\"https:\/\/galeriasenda.com\/ca\/robert-mapplethorpe-y-patti-smith-construirse-juntos\/#webpage\"},\"author\":{\"@id\":\"https:\/\/galeriasenda.com\/#\/schema\/person\/a134a4dc7d112091244de235f2b4ad9f\"},\"headline\":\"ROBERT MAPPLETHORPE i PATTI SMITH: Construir-se junts\",\"datePublished\":\"2026-04-30T11:34:42+00:00\",\"dateModified\":\"2026-04-30T11:47:17+00:00\",\"mainEntityOfPage\":{\"@id\":\"https:\/\/galeriasenda.com\/ca\/robert-mapplethorpe-y-patti-smith-construirse-juntos\/#webpage\"},\"wordCount\":635,\"commentCount\":0,\"publisher\":{\"@id\":\"https:\/\/galeriasenda.com\/#organization\"},\"image\":{\"@id\":\"https:\/\/galeriasenda.com\/ca\/robert-mapplethorpe-y-patti-smith-construirse-juntos\/#primaryimage\"},\"thumbnailUrl\":\"https:\/\/galeriasenda.com\/wp-content\/uploads\/2026\/04\/flat750x075f-pad750x1000f8f8f8.jpg\",\"keywords\":[\"Robert Mapplethorpe\"],\"articleSection\":[\"Artista\",\"Gallery\"],\"inLanguage\":\"ca\",\"potentialAction\":[{\"@type\":\"CommentAction\",\"name\":\"Comment\",\"target\":[\"https:\/\/galeriasenda.com\/ca\/robert-mapplethorpe-y-patti-smith-construirse-juntos\/#respond\"]}]},{\"@type\":\"Person\",\"@id\":\"https:\/\/galeriasenda.com\/#\/schema\/person\/a134a4dc7d112091244de235f2b4ad9f\",\"name\":\"SEO Senda\",\"image\":{\"@type\":\"ImageObject\",\"@id\":\"https:\/\/galeriasenda.com\/#personlogo\",\"inLanguage\":\"ca\",\"url\":\"https:\/\/secure.gravatar.com\/avatar\/e47cef7960ddf396e67e5326d78d9fe3?s=96&d=mm&r=g\",\"contentUrl\":\"https:\/\/secure.gravatar.com\/avatar\/e47cef7960ddf396e67e5326d78d9fe3?s=96&d=mm&r=g\",\"caption\":\"SEO Senda\"},\"url\":\"https:\/\/galeriasenda.com\/ca\/artista\/andrea-violeta\/\"}]}<\/script>\n<!-- \/ Yoast SEO plugin. -->","yoast_head_json":{"title":"ROBERT MAPPLETHORPE i PATTI SMITH: Construir-se junts &ndash; Galeria Senda","description":"La recent concessi\u00f3 del Premi Princesa d\u2019Ast\u00faries de les Arts 2026 a Patti Smith \u2014un dels reconeixements culturals m\u00e9s prestigiosos de l\u2019\u00e0mbit","robots":{"index":"index","follow":"follow","max-snippet":"max-snippet:-1","max-image-preview":"max-image-preview:large","max-video-preview":"max-video-preview:-1"},"canonical":"https:\/\/galeriasenda.com\/ca\/robert-mapplethorpe-y-patti-smith-construirse-juntos\/","og_locale":"ca_ES","og_type":"article","og_title":"ROBERT MAPPLETHORPE i PATTI SMITH: Construir-se junts &ndash; Galeria Senda","og_description":"La recent concessi\u00f3 del Premi Princesa d\u2019Ast\u00faries de les Arts 2026 a Patti Smith \u2014un dels reconeixements culturals m\u00e9s prestigiosos de l\u2019\u00e0mbit","og_url":"https:\/\/galeriasenda.com\/ca\/robert-mapplethorpe-y-patti-smith-construirse-juntos\/","og_site_name":"Galeria Senda","article_publisher":"https:\/\/www.facebook.com\/galeriasenda","article_published_time":"2026-04-30T11:34:42+00:00","article_modified_time":"2026-04-30T11:47:17+00:00","og_image":[{"width":750,"height":1000,"url":"https:\/\/galeriasenda.com\/wp-content\/uploads\/2026\/04\/flat750x075f-pad750x1000f8f8f8.jpg","type":"image\/jpeg"}],"twitter_card":"summary_large_image","twitter_creator":"@galeriasenda","twitter_site":"@galeriasenda","twitter_misc":{"Escrit per":"SEO Senda","Temps estimat de lectura":"3 minuts"},"schema":{"@context":"https:\/\/schema.org","@graph":[{"@type":"Organization","@id":"https:\/\/galeriasenda.com\/#organization","name":"galeria SENDA","url":"https:\/\/galeriasenda.com\/","sameAs":["https:\/\/www.facebook.com\/galeriasenda","https:\/\/instagram.com\/galeriasenda\/","https:\/\/es.linkedin.com\/company\/galeria-senda","https:\/\/www.youtube.com\/channel\/UC-qz5xPOEq-QSm1a8kC-QPA","https:\/\/twitter.com\/galeriasenda"],"logo":{"@type":"ImageObject","@id":"https:\/\/galeriasenda.com\/#logo","inLanguage":"ca","url":"https:\/\/galeriasenda.com\/wp-content\/uploads\/2019\/04\/logo-senda-.png","contentUrl":"https:\/\/galeriasenda.com\/wp-content\/uploads\/2019\/04\/logo-senda-.png","width":599,"height":314,"caption":"galeria SENDA"},"image":{"@id":"https:\/\/galeriasenda.com\/#logo"}},{"@type":"WebSite","@id":"https:\/\/galeriasenda.com\/#website","url":"https:\/\/galeriasenda.com\/","name":"Galeria Senda","description":"Galeria d'art i productora d'art contemporani de Barcelona","publisher":{"@id":"https:\/\/galeriasenda.com\/#organization"},"potentialAction":[{"@type":"SearchAction","target":{"@type":"EntryPoint","urlTemplate":"https:\/\/galeriasenda.com\/?s={search_term_string}"},"query-input":"required name=search_term_string"}],"inLanguage":"ca"},{"@type":"ImageObject","@id":"https:\/\/galeriasenda.com\/ca\/robert-mapplethorpe-y-patti-smith-construirse-juntos\/#primaryimage","inLanguage":"ca","url":"https:\/\/galeriasenda.com\/wp-content\/uploads\/2026\/04\/flat750x075f-pad750x1000f8f8f8.jpg","contentUrl":"https:\/\/galeriasenda.com\/wp-content\/uploads\/2026\/04\/flat750x075f-pad750x1000f8f8f8.jpg","width":750,"height":1000},{"@type":"WebPage","@id":"https:\/\/galeriasenda.com\/ca\/robert-mapplethorpe-y-patti-smith-construirse-juntos\/#webpage","url":"https:\/\/galeriasenda.com\/ca\/robert-mapplethorpe-y-patti-smith-construirse-juntos\/","name":"ROBERT MAPPLETHORPE i PATTI SMITH: Construir-se junts &ndash; Galeria Senda","isPartOf":{"@id":"https:\/\/galeriasenda.com\/#website"},"primaryImageOfPage":{"@id":"https:\/\/galeriasenda.com\/ca\/robert-mapplethorpe-y-patti-smith-construirse-juntos\/#primaryimage"},"datePublished":"2026-04-30T11:34:42+00:00","dateModified":"2026-04-30T11:47:17+00:00","description":"La recent concessi\u00f3 del Premi Princesa d\u2019Ast\u00faries de les Arts 2026 a Patti Smith \u2014un dels reconeixements culturals m\u00e9s prestigiosos de l\u2019\u00e0mbit","breadcrumb":{"@id":"https:\/\/galeriasenda.com\/ca\/robert-mapplethorpe-y-patti-smith-construirse-juntos\/#breadcrumb"},"inLanguage":"ca","potentialAction":[{"@type":"ReadAction","target":["https:\/\/galeriasenda.com\/ca\/robert-mapplethorpe-y-patti-smith-construirse-juntos\/"]}]},{"@type":"BreadcrumbList","@id":"https:\/\/galeriasenda.com\/ca\/robert-mapplethorpe-y-patti-smith-construirse-juntos\/#breadcrumb","itemListElement":[{"@type":"ListItem","position":1,"name":"Portada","item":"https:\/\/galeriasenda.com\/ca\/"},{"@type":"ListItem","position":2,"name":"ROBERT MAPPLETHORPE i PATTI SMITH: Construir-se junts"}]},{"@type":"Article","@id":"https:\/\/galeriasenda.com\/ca\/robert-mapplethorpe-y-patti-smith-construirse-juntos\/#article","isPartOf":{"@id":"https:\/\/galeriasenda.com\/ca\/robert-mapplethorpe-y-patti-smith-construirse-juntos\/#webpage"},"author":{"@id":"https:\/\/galeriasenda.com\/#\/schema\/person\/a134a4dc7d112091244de235f2b4ad9f"},"headline":"ROBERT MAPPLETHORPE i PATTI SMITH: Construir-se junts","datePublished":"2026-04-30T11:34:42+00:00","dateModified":"2026-04-30T11:47:17+00:00","mainEntityOfPage":{"@id":"https:\/\/galeriasenda.com\/ca\/robert-mapplethorpe-y-patti-smith-construirse-juntos\/#webpage"},"wordCount":635,"commentCount":0,"publisher":{"@id":"https:\/\/galeriasenda.com\/#organization"},"image":{"@id":"https:\/\/galeriasenda.com\/ca\/robert-mapplethorpe-y-patti-smith-construirse-juntos\/#primaryimage"},"thumbnailUrl":"https:\/\/galeriasenda.com\/wp-content\/uploads\/2026\/04\/flat750x075f-pad750x1000f8f8f8.jpg","keywords":["Robert Mapplethorpe"],"articleSection":["Artista","Gallery"],"inLanguage":"ca","potentialAction":[{"@type":"CommentAction","name":"Comment","target":["https:\/\/galeriasenda.com\/ca\/robert-mapplethorpe-y-patti-smith-construirse-juntos\/#respond"]}]},{"@type":"Person","@id":"https:\/\/galeriasenda.com\/#\/schema\/person\/a134a4dc7d112091244de235f2b4ad9f","name":"SEO Senda","image":{"@type":"ImageObject","@id":"https:\/\/galeriasenda.com\/#personlogo","inLanguage":"ca","url":"https:\/\/secure.gravatar.com\/avatar\/e47cef7960ddf396e67e5326d78d9fe3?s=96&d=mm&r=g","contentUrl":"https:\/\/secure.gravatar.com\/avatar\/e47cef7960ddf396e67e5326d78d9fe3?s=96&d=mm&r=g","caption":"SEO Senda"},"url":"https:\/\/galeriasenda.com\/ca\/artista\/andrea-violeta\/"}]}},"_links":{"self":[{"href":"https:\/\/galeriasenda.com\/ca\/wp-json\/wp\/v2\/posts\/113746","targetHints":{"allow":["GET"]}}],"collection":[{"href":"https:\/\/galeriasenda.com\/ca\/wp-json\/wp\/v2\/posts"}],"about":[{"href":"https:\/\/galeriasenda.com\/ca\/wp-json\/wp\/v2\/types\/post"}],"author":[{"embeddable":true,"href":"https:\/\/galeriasenda.com\/ca\/wp-json\/wp\/v2\/users\/142"}],"replies":[{"embeddable":true,"href":"https:\/\/galeriasenda.com\/ca\/wp-json\/wp\/v2\/comments?post=113746"}],"version-history":[{"count":2,"href":"https:\/\/galeriasenda.com\/ca\/wp-json\/wp\/v2\/posts\/113746\/revisions"}],"predecessor-version":[{"id":113752,"href":"https:\/\/galeriasenda.com\/ca\/wp-json\/wp\/v2\/posts\/113746\/revisions\/113752"}],"wp:featuredmedia":[{"embeddable":true,"href":"https:\/\/galeriasenda.com\/ca\/wp-json\/wp\/v2\/media\/113737"}],"wp:attachment":[{"href":"https:\/\/galeriasenda.com\/ca\/wp-json\/wp\/v2\/media?parent=113746"}],"wp:term":[{"taxonomy":"category","embeddable":true,"href":"https:\/\/galeriasenda.com\/ca\/wp-json\/wp\/v2\/categories?post=113746"},{"taxonomy":"post_tag","embeddable":true,"href":"https:\/\/galeriasenda.com\/ca\/wp-json\/wp\/v2\/tags?post=113746"}],"curies":[{"name":"wp","href":"https:\/\/api.w.org\/{rel}","templated":true}]}}